{"id":46152,"date":"2025-11-20T16:35:07","date_gmt":"2025-11-20T16:35:07","guid":{"rendered":"https:\/\/www.theanchorage.es\/eigentuemerbereich\/fiesta-de-40-aniversario-del-anchorage\/"},"modified":"2025-11-20T16:44:15","modified_gmt":"2025-11-20T16:44:15","slug":"40-jaehriges-jubilaeum-des-anchorage","status":"publish","type":"post","link":"https:\/\/www.theanchorage.es\/de\/eigentuemerbereich\/the-anchorage-aktuelles\/40-jaehriges-jubilaeum-des-anchorage\/","title":{"rendered":"40-j\u00e4hriges Jubil\u00e4um des Anchorage."},"content":{"rendered":"<div class=\"wpb-content-wrapper\"><p>[vc_row][vc_column]<div class=\"clearboth\"><\/div><style>#thegem-divider-69f48f0b5d08c {margin-top: 100px !important;}<\/style><div id=\"thegem-divider-69f48f0b5d08c\" class=\"gem-divider  \" style=\"\" ><\/div>[\/vc_column][vc_column][vc_column_text css=&#8220;&#8220;]<\/p>\n<div class=\"styled-subtitle\">QR-Code f\u00fcr den Zugriff auf die Fotos der Feier zum 40-j\u00e4hrigen Jubil\u00e4um des Anchorage, die am 6. September 2025 stattfand.<\/div>\n<p>[\/vc_column_text]<div class=\"clearboth\"><\/div><style>#thegem-divider-69f48f0b5d0ce {margin-top: 50px !important;}<\/style><div id=\"thegem-divider-69f48f0b5d0ce\" class=\"gem-divider  \" style=\"\" ><\/div>[vc_column_text css=&#8220;&#8220;]<img class=\"aligncenter wp-image-46145 size-full\" src=\"https:\/\/www.theanchorage.es\/wp-content\/uploads\/2025\/11\/QR.jpg\" alt=\"\" width=\"512\" height=\"512\" srcset=\"https:\/\/www.theanchorage.es\/wp-content\/uploads\/2025\/11\/QR.jpg 512w, https:\/\/www.theanchorage.es\/wp-content\/uploads\/2025\/11\/QR-300x300.jpg 300w, https:\/\/www.theanchorage.es\/wp-content\/uploads\/2025\/11\/QR-250x250.jpg 250w, https:\/\/www.theanchorage.es\/wp-content\/uploads\/2025\/11\/QR-256x256.jpg 256w\" sizes=\"(max-width: 512px) 100vw, 512px\" \/>[\/vc_column_text][\/vc_column][vc_column]<div class=\"clearboth\"><\/div><style>#thegem-divider-69f48f0b5d0fd {margin-top: 100px !important;}<\/style><div id=\"thegem-divider-69f48f0b5d0fd\" class=\"gem-divider  \" style=\"\" ><\/div>[\/vc_column][\/vc_row]<\/p>\n<div style=\"margin: 20px 0;\"><div class=\"qrcswholewtapper\" style=\"text-align:left;\"><div class=\"qrcprowrapper\"  id=\"qrcwraa2leds\"><div class=\"qrc_canvass\" id=\"qrc_cuttenpages_2\" style=\"display:none\" data-text=\"https:\/\/www.theanchorage.es\/de\/eigentuemerbereich\/the-anchorage-aktuelles\/40-jaehriges-jubilaeum-des-anchorage\/\"><\/div><\/div><\/div><\/div><\/div>","protected":false},"excerpt":{"rendered":"<p>[vc_row][vc_column][\/vc_column][vc_column][vc_column_text css=&#8220;&#8220;] QR-Code f\u00fcr den Zugriff auf die Fotos der Feier zum 40-j\u00e4hrigen Jubil\u00e4um des Anchorage, die am 6. September&#8230;<\/p>\n","protected":false},"author":24,"featured_media":23944,"comment_status":"closed","ping_status":"open","sticky":false,"template":"","format":"standard","meta":{"_joinchat":[],"footnotes":"","_links_to":"","_links_to_target":""},"categories":[280],"tags":[],"class_list":{"0":"post-46152","1":"post","2":"type-post","3":"status-publish","4":"format-standard","5":"has-post-thumbnail","7":"category-the-anchorage-aktuelles"},"menu_order":0,"_links":{"self":[{"href":"https:\/\/www.theanchorage.es\/de\/wp-json\/wp\/v2\/posts\/46152","targetHints":{"allow":["GET"]}}],"collection":[{"href":"https:\/\/www.theanchorage.es\/de\/wp-json\/wp\/v2\/posts"}],"about":[{"href":"https:\/\/www.theanchorage.es\/de\/wp-json\/wp\/v2\/types\/post"}],"author":[{"embeddable":true,"href":"https:\/\/www.theanchorage.es\/de\/wp-json\/wp\/v2\/users\/24"}],"replies":[{"embeddable":true,"href":"https:\/\/www.theanchorage.es\/de\/wp-json\/wp\/v2\/comments?post=46152"}],"version-history":[{"count":1,"href":"https:\/\/www.theanchorage.es\/de\/wp-json\/wp\/v2\/posts\/46152\/revisions"}],"predecessor-version":[{"id":46154,"href":"https:\/\/www.theanchorage.es\/de\/wp-json\/wp\/v2\/posts\/46152\/revisions\/46154"}],"wp:featuredmedia":[{"embeddable":true,"href":"https:\/\/www.theanchorage.es\/de\/wp-json\/wp\/v2\/media\/23944"}],"wp:attachment":[{"href":"https:\/\/www.theanchorage.es\/de\/wp-json\/wp\/v2\/media?parent=46152"}],"wp:term":[{"taxonomy":"category","embeddable":true,"href":"https:\/\/www.theanchorage.es\/de\/wp-json\/wp\/v2\/categories?post=46152"},{"taxonomy":"post_tag","embeddable":true,"href":"https:\/\/www.theanchorage.es\/de\/wp-json\/wp\/v2\/tags?post=46152"}],"curies":[{"name":"wp","href":"https:\/\/api.w.org\/{rel}","templated":true}]}}